{"id":96,"date":"2023-12-31T12:04:00","date_gmt":"2023-12-31T11:04:00","guid":{"rendered":"http:\/\/www.webcircolare.net\/scarrione\/?p=96"},"modified":"2024-01-02T12:42:17","modified_gmt":"2024-01-02T11:42:17","slug":"tempi-digitali-anche-per-save-the-children","status":"publish","type":"post","link":"https:\/\/www.webcircolare.net\/scarrione\/2023\/12\/31\/tempi-digitali-anche-per-save-the-children\/","title":{"rendered":"Tempi digitali, anche per Save the Children"},"content":{"rendered":"\n<p>Cari lettori,<\/p>\n\n\n\n<p>questa volta inizio subito con il link:<\/p>\n\n\n\n<p class=\"has-background\" style=\"background-color:#faf4f4\"><a href=\"https:\/\/atlante.savethechildren.it\/\" target=\"_blank\" rel=\"noreferrer noopener\">https:\/\/atlante.savethechildren.it\/<\/a><\/p>\n\n\n\n<p>Oggi vorrei, infatti, condividere con voi le mie riflessioni sull&#8217;Atlante &#8220;Tempi Digitali&#8221; di Save the Children, un&#8217;opera a cura di Vichi De Marchi,  che ci immerge in un&#8217;analisi profonda dell&#8217;era digitale, con un focus particolare sulle disuguaglianze che ne derivano.<\/p>\n\n\n\n<p>L&#8217;Atlante sottolinea un punto di svolta cruciale: l&#8217;era della pandemia di Covid-19, che ha rivelato come la tecnologia digitale sia diventata una componente insostituibile della nostra esistenza\u200b\u200b. Tuttavia, questo cambiamento non \u00e8 stato uniforme per tutti. Mentre alcune famiglie hanno beneficiato dell&#8217;accesso alla tecnologia per l&#8217;istruzione e il lavoro a distanza, altre hanno dovuto affrontare l&#8217;assenza di tali risorse, evidenziando un netto divario digitale\u200b\u200b.<\/p>\n\n\n\n<p>Uno dei dati pi\u00f9 sorprendenti riguarda l&#8217;uso degli smartphone tra i bambini, anche in et\u00e0 molto precoce, un fenomeno che \u00e8 aumentato in modo significativo durante la pandemia\u200b\u200b. L&#8217;Atlante ci mostra come i giovani utilizzino i social media per informarsi e formarsi, nonostante le sfide legate alle fake news e alla qualit\u00e0 dell&#8217;informazione\u200b\u200b.<\/p>\n\n\n\n<p>\u00c8 evidente che viviamo in un mondo di &#8220;luci e ombre&#8221; digitali. La tecnologia ci offre opportunit\u00e0 senza precedenti per l&#8217;informazione, l&#8217;espressione personale e l&#8217;educazione. Tuttavia, pu\u00f2 anche rappresentare un terreno fertile per pericoli e insidie, specialmente per la democrazia e la libert\u00e0 di informazione\u200b\u200b.<\/p>\n\n\n\n<p>In conclusione, l&#8217;Atlante &#8220;Tempi Digitali&#8221; ci invita a riflettere su come possiamo utilizzare la tecnologia per creare un mondo pi\u00f9 unito e meno diviso. \u00c8 un invito a considerare la tecnologia non solo come uno strumento, ma come un fattore cruciale che modella la nostra societ\u00e0 e il futuro dei nostri bambini.<\/p>\n\n\n\n<p>Se poi vi pu\u00f2 interessare, a pagina 177 della versione pdf scaricabile trovate anche un mio modestissimo contributo sulla formazione dei docenti.<\/p>\n\n\n\n<p>La versione pdf si scarica da qui:<\/p>\n\n\n\n<p class=\"has-background\" style=\"background-color:#f6f4f4\"><a href=\"https:\/\/s3.savethechildren.it\/public\/files\/uploads\/pubblicazioni\/xiv-atlante-dellinfanzia-rischio-tempi-digitali.pdf\" target=\"_blank\" rel=\"noreferrer noopener\">https:\/\/s3.savethechildren.it\/public\/files\/uploads\/pubblicazioni\/xiv-atlante-dellinfanzia-rischio-tempi-digitali.pdf<\/a><\/p>\n\n\n\n<p>Spero che queste riflessioni vi stimolino a pensare al ruolo che la tecnologia gioca nella scuola, nelle nostre vite e nelle vite dei nostri figli. Vi incoraggio a leggere questo illuminante report per una comprensione pi\u00f9 profonda dell&#8217;era digitale in cui viviamo.<\/p>\n\n\n\n<p>Con affetto,<\/p>\n\n\n\n<p>Federica<\/p>\n","protected":false},"excerpt":{"rendered":"<p>Cari lettori, questa volta inizio subito con il link: https:\/\/atlante.savethechildren.it\/ Oggi vorrei, infatti, condividere con voi le mie riflessioni sull&#8217;Atlante &#8220;Tempi Digitali&#8221; di Save the Children, un&#8217;opera a cura di Vichi De Marchi, che ci immerge in un&#8217;analisi profonda dell&#8217;era digitale, con un focus particolare sulle disuguaglianze che ne derivano. L&#8217;Atlante sottolinea un punto di [&hellip;]<\/p>\n","protected":false},"author":1,"featured_media":97,"comment_status":"open","ping_status":"open","sticky":false,"template":"","format":"standard","meta":{"footnotes":""},"categories":[5,8],"tags":[],"post_mailing_queue_ids":[],"_links":{"self":[{"href":"https:\/\/www.webcircolare.net\/scarrione\/wp-json\/wp\/v2\/posts\/96"}],"collection":[{"href":"https:\/\/www.webcircolare.net\/scarrione\/wp-json\/wp\/v2\/posts"}],"about":[{"href":"https:\/\/www.webcircolare.net\/scarrione\/wp-json\/wp\/v2\/types\/post"}],"author":[{"embeddable":true,"href":"https:\/\/www.webcircolare.net\/scarrione\/wp-json\/wp\/v2\/users\/1"}],"replies":[{"embeddable":true,"href":"https:\/\/www.webcircolare.net\/scarrione\/wp-json\/wp\/v2\/comments?post=96"}],"version-history":[{"count":1,"href":"https:\/\/www.webcircolare.net\/scarrione\/wp-json\/wp\/v2\/posts\/96\/revisions"}],"predecessor-version":[{"id":98,"href":"https:\/\/www.webcircolare.net\/scarrione\/wp-json\/wp\/v2\/posts\/96\/revisions\/98"}],"wp:featuredmedia":[{"embeddable":true,"href":"https:\/\/www.webcircolare.net\/scarrione\/wp-json\/wp\/v2\/media\/97"}],"wp:attachment":[{"href":"https:\/\/www.webcircolare.net\/scarrione\/wp-json\/wp\/v2\/media?parent=96"}],"wp:term":[{"taxonomy":"category","embeddable":true,"href":"https:\/\/www.webcircolare.net\/scarrione\/wp-json\/wp\/v2\/categories?post=96"},{"taxonomy":"post_tag","embeddable":true,"href":"https:\/\/www.webcircolare.net\/scarrione\/wp-json\/wp\/v2\/tags?post=96"}],"curies":[{"name":"wp","href":"https:\/\/api.w.org\/{rel}","templated":true}]}}